{"id":790,"date":"2024-04-25T12:04:00","date_gmt":"2024-04-25T10:04:00","guid":{"rendered":"http:\/\/www.malarstwo.ws.ujd.edu.pl\/?p=790"},"modified":"2024-10-25T12:05:29","modified_gmt":"2024-10-25T10:05:29","slug":"stjepan-skoko-na-biennale-w-wenecji","status":"publish","type":"post","link":"http:\/\/www.malarstwo.ws.ujd.edu.pl\/index.php\/2024\/04\/25\/stjepan-skoko-na-biennale-w-wenecji\/","title":{"rendered":"Stjepan Skoko na Biennale w Wenecji!"},"content":{"rendered":"\n<p>Poni\u017cszy link to relacja wystawy Prof. Stjepana Skoko z Akademii Sztuk Pi\u0119knych w \u0160iroki Brijegu z Bo\u015bni i Hercegowiny, kt\u00f3r\u0105 zrealizowali\u015bmy w Konduktorowni w 2022r. Dlaczego j\u0105 wspominamy? <img loading=\"lazy\" alt=\"\ud83e\udd14\" src=\"https:\/\/static.xx.fbcdn.net\/images\/emoji.php\/v9\/t34\/1\/16\/1f914.png\" width=\"16\" height=\"16\">Poniewa\u017c, cztery dni temu Profesor Skoko, otworzy\u0142 kolejn\u0105 swoj\u0105 wystaw\u0119, tym razem w Pawilonie Bo\u015bni i Hercegowiny na Biennale w Wenecji!<img loading=\"lazy\" alt=\"\ud83d\udcaa\" src=\"https:\/\/static.xx.fbcdn.net\/images\/emoji.php\/v9\/t6c\/1\/16\/1f4aa.png\" width=\"16\" height=\"16\"><img loading=\"lazy\" alt=\"\ud83d\udcaa\" src=\"https:\/\/static.xx.fbcdn.net\/images\/emoji.php\/v9\/t6c\/1\/16\/1f4aa.png\" width=\"16\" height=\"16\">Gratulujemy sukcesu! <img loading=\"lazy\" alt=\"\ud83d\udc47\" src=\"https:\/\/static.xx.fbcdn.net\/images\/emoji.php\/v9\/t4f\/1\/16\/1f447.png\" width=\"16\" height=\"16\"><a href=\"https:\/\/www.labiennale.org\/en\/art\/2024\/bosnia-herzegovina?fbclid=IwZXh0bgNhZW0CMTAAAR0l7qAWIq6p2VX4kfkeagS5p2CxfsF9doCi2D2rk6QXmaZMqLBHPTkQQ4w_aem_vFkrQBU8DHD2EB3jmdybcw\" rel=\"noreferrer noopener\" target=\"_blank\">https:\/\/www.labiennale.org\/en\/art\/2024\/bosnia-herzegovina<\/a><\/p>\n","protected":false},"excerpt":{"rendered":"<p>Poni\u017cszy link to relacja wystawy Prof. Stjepana Skoko z Akademii Sztuk Pi\u0119knych w \u0160iroki Brijegu z Bo\u015bni i Hercegowiny, kt\u00f3r\u0105 zrealizowali\u015bmy w Konduktorowni w 2022r. Dlaczego j\u0105 wspominamy? Poniewa\u017c, cztery dni temu Profesor Skoko, otworzy\u0142 kolejn\u0105 swoj\u0105 wystaw\u0119, tym razem w Pawilonie Bo\u015bni i Hercegowiny na Biennale w Wenecji!Gratulujemy sukcesu! https:\/\/www.labiennale.org\/en\/art\/2024\/bosnia-herzegovina<\/p>\n","protected":false},"author":1,"featured_media":461,"comment_status":"closed","ping_status":"closed","sticky":false,"template":"","format":"standard","meta":[],"categories":[5],"tags":[],"_links":{"self":[{"href":"http:\/\/www.malarstwo.ws.ujd.edu.pl\/index.php\/wp-json\/wp\/v2\/posts\/790"}],"collection":[{"href":"http:\/\/www.malarstwo.ws.ujd.edu.pl\/index.php\/wp-json\/wp\/v2\/posts"}],"about":[{"href":"http:\/\/www.malarstwo.ws.ujd.edu.pl\/index.php\/wp-json\/wp\/v2\/types\/post"}],"author":[{"embeddable":true,"href":"http:\/\/www.malarstwo.ws.ujd.edu.pl\/index.php\/wp-json\/wp\/v2\/users\/1"}],"replies":[{"embeddable":true,"href":"http:\/\/www.malarstwo.ws.ujd.edu.pl\/index.php\/wp-json\/wp\/v2\/comments?post=790"}],"version-history":[{"count":1,"href":"http:\/\/www.malarstwo.ws.ujd.edu.pl\/index.php\/wp-json\/wp\/v2\/posts\/790\/revisions"}],"predecessor-version":[{"id":791,"href":"http:\/\/www.malarstwo.ws.ujd.edu.pl\/index.php\/wp-json\/wp\/v2\/posts\/790\/revisions\/791"}],"wp:featuredmedia":[{"embeddable":true,"href":"http:\/\/www.malarstwo.ws.ujd.edu.pl\/index.php\/wp-json\/wp\/v2\/media\/461"}],"wp:attachment":[{"href":"http:\/\/www.malarstwo.ws.ujd.edu.pl\/index.php\/wp-json\/wp\/v2\/media?parent=790"}],"wp:term":[{"taxonomy":"category","embeddable":true,"href":"http:\/\/www.malarstwo.ws.ujd.edu.pl\/index.php\/wp-json\/wp\/v2\/categories?post=790"},{"taxonomy":"post_tag","embeddable":true,"href":"http:\/\/www.malarstwo.ws.ujd.edu.pl\/index.php\/wp-json\/wp\/v2\/tags?post=790"}],"curies":[{"name":"wp","href":"https:\/\/api.w.org\/{rel}","templated":true}]}}