{"id":792,"date":"2024-05-16T12:06:00","date_gmt":"2024-05-16T10:06:00","guid":{"rendered":"http:\/\/www.malarstwo.ws.ujd.edu.pl\/?p=792"},"modified":"2024-10-25T12:08:52","modified_gmt":"2024-10-25T10:08:52","slug":"false-flag-z-nominacja-grand-press-photo","status":"publish","type":"post","link":"http:\/\/www.malarstwo.ws.ujd.edu.pl\/index.php\/2024\/05\/16\/false-flag-z-nominacja-grand-press-photo\/","title":{"rendered":"False Flag &#8211; z nominacj\u0105 Grand Press Photo"},"content":{"rendered":"\n<p>P\u0119kamy z dumy!<\/p>\n\n\n\n<p>Fotograficzny projekt mgr Jadwigi Janowskiej pt. False Flag &#8211; z nominacj\u0105 Grand Press Photo w kategorii Documentary Project &#8211; projekt d\u0142ugoterminowy, realizowany przynajmniej 2 lata. Gratulacje pozosta\u0142ym nominowanym !<a rel=\"noreferrer noopener\" href=\"https:\/\/grandpressphoto.pl\/nominowani\/?fbclid=IwZXh0bgNhZW0CMTAAAR1dP6xloj-hHTy1SLvEIwVFCxexfCwM1Br0N6HpmbKe-6Qi1cu1Roo55T0_aem_D95g_4hEg9Xu9XJIl0SE4A\" target=\"_blank\">https:\/\/grandpressphoto.pl\/nominowa<\/a><\/p>\n\n\n\n<p><\/p>\n\n\n\n<p><\/p>\n","protected":false},"excerpt":{"rendered":"<p>P\u0119kamy z dumy! Fotograficzny projekt mgr Jadwigi Janowskiej pt. False Flag &#8211; z nominacj\u0105 Grand Press Photo w kategorii Documentary Project &#8211; projekt d\u0142ugoterminowy, realizowany przynajmniej 2 lata. Gratulacje pozosta\u0142ym nominowanym !https:\/\/grandpressphoto.pl\/nominowa<\/p>\n","protected":false},"author":1,"featured_media":793,"comment_status":"closed","ping_status":"closed","sticky":false,"template":"","format":"standard","meta":[],"categories":[5],"tags":[],"_links":{"self":[{"href":"http:\/\/www.malarstwo.ws.ujd.edu.pl\/index.php\/wp-json\/wp\/v2\/posts\/792"}],"collection":[{"href":"http:\/\/www.malarstwo.ws.ujd.edu.pl\/index.php\/wp-json\/wp\/v2\/posts"}],"about":[{"href":"http:\/\/www.malarstwo.ws.ujd.edu.pl\/index.php\/wp-json\/wp\/v2\/types\/post"}],"author":[{"embeddable":true,"href":"http:\/\/www.malarstwo.ws.ujd.edu.pl\/index.php\/wp-json\/wp\/v2\/users\/1"}],"replies":[{"embeddable":true,"href":"http:\/\/www.malarstwo.ws.ujd.edu.pl\/index.php\/wp-json\/wp\/v2\/comments?post=792"}],"version-history":[{"count":1,"href":"http:\/\/www.malarstwo.ws.ujd.edu.pl\/index.php\/wp-json\/wp\/v2\/posts\/792\/revisions"}],"predecessor-version":[{"id":794,"href":"http:\/\/www.malarstwo.ws.ujd.edu.pl\/index.php\/wp-json\/wp\/v2\/posts\/792\/revisions\/794"}],"wp:featuredmedia":[{"embeddable":true,"href":"http:\/\/www.malarstwo.ws.ujd.edu.pl\/index.php\/wp-json\/wp\/v2\/media\/793"}],"wp:attachment":[{"href":"http:\/\/www.malarstwo.ws.ujd.edu.pl\/index.php\/wp-json\/wp\/v2\/media?parent=792"}],"wp:term":[{"taxonomy":"category","embeddable":true,"href":"http:\/\/www.malarstwo.ws.ujd.edu.pl\/index.php\/wp-json\/wp\/v2\/categories?post=792"},{"taxonomy":"post_tag","embeddable":true,"href":"http:\/\/www.malarstwo.ws.ujd.edu.pl\/index.php\/wp-json\/wp\/v2\/tags?post=792"}],"curies":[{"name":"wp","href":"https:\/\/api.w.org\/{rel}","templated":true}]}}